{"id":1061,"date":"2020-11-16T13:59:21","date_gmt":"2020-11-16T12:59:21","guid":{"rendered":"http:\/\/m2ievm.com\/aavelo\/?p=1061"},"modified":"2020-11-16T13:59:23","modified_gmt":"2020-11-16T12:59:23","slug":"sport-a-lecole-primaire-30-minutes-par-jour-contre-la-sedentarite","status":"publish","type":"post","link":"http:\/\/m2ievm.com\/aavelo\/2020\/11\/16\/sport-a-lecole-primaire-30-minutes-par-jour-contre-la-sedentarite\/","title":{"rendered":"Sport \u00e0 l&rsquo;\u00e9cole primaire : 30 minutes par jour contre la s\u00e9dentarit\u00e9"},"content":{"rendered":"\n<p>Les organisateurs des\u00a0<strong>Jeux Olympiques\u00a0<\/strong>et Paralympiques de Paris 2024 ainsi que l&rsquo;<a href=\"https:\/\/www.journaldesfemmes.fr\/maman\/guide-des-parents\/2666343-education-de-l-enfant\/\">Education<\/a>\u00a0nationale souhaitent exp\u00e9rimenter \u00ab\u00a030 minutes d&rsquo;exercice par jour\u00a0\u00bb dans les \u00e9coles primaires, pour lutter contre la s\u00e9dentarit\u00e9 chez les enfants. Cette initiative d\u00e9taill\u00e9e d\u00e9but octobre, devrait d\u00e9buter dans certaines acad\u00e9mies comme celles de Cr\u00e9teil, Poitiers, Toulouse, Besan\u00e7on, Montpellier, Lyon, ou encore \u00e0 la R\u00e9union.\u00a0<\/p>\n\n\n\n<p>L&rsquo;id\u00e9e ?\u00a0Utiliser les espaces des \u00e9tablissements scolaires comme les pr\u00e9aux par exemple, \u00ab\u00a0pour\u00a0<strong>courir, sauter, lancer et danser\u00a0\u00bb,<\/strong>\u00a0pr\u00e9cise Jean-Marc Serfaty,\u00a0inspecteur d&rsquo;acad\u00e9mie \u00e0 Cr\u00e9teil, ce 3 novembre lors d&rsquo;une visioconf\u00e9rence.<\/p>\n\n\n\n<p><a href=\"https:\/\/www.journaldesfemmes.fr\/maman\/enfant\/2664437-sport-ecole-primaire-30-minutes-par-jour-sedentarite\/\">https:\/\/www.journaldesfemmes.fr\/maman\/enfant\/2664437-sport-ecole-primaire-30-minutes-par-jour-sedentarite\/<\/a><\/p>\n","protected":false},"excerpt":{"rendered":"<p>Les organisateurs des\u00a0Jeux Olympiques\u00a0et Paralympiques de Paris 2024 ainsi que l&rsquo;Education\u00a0nationale souhaitent exp\u00e9rimenter \u00ab\u00a030 minutes d&rsquo;exercice par jour\u00a0\u00bb dans les \u00e9coles primaires, pour lutter contre la s\u00e9dentarit\u00e9 chez les enfants. Cette initiative d\u00e9taill\u00e9e d\u00e9but octobre, devrait d\u00e9buter dans certaines acad\u00e9mies comme celles de Cr\u00e9teil, Poitiers, Toulouse, Besan\u00e7on, Montpellier, Lyon, ou encore \u00e0 la R\u00e9union.\u00a0 L&rsquo;id\u00e9e &hellip; <\/p>\n<p class=\"link-more\"><a href=\"http:\/\/m2ievm.com\/aavelo\/2020\/11\/16\/sport-a-lecole-primaire-30-minutes-par-jour-contre-la-sedentarite\/\" class=\"more-link\">Continuer la lecture<span class=\"screen-reader-text\"> de &laquo;&nbsp;Sport \u00e0 l&rsquo;\u00e9cole primaire : 30 minutes par jour contre la s\u00e9dentarit\u00e9&nbsp;&raquo;<\/span><\/a><\/p>\n","protected":false},"author":1,"featured_media":1062,"comment_status":"open","ping_status":"open","sticky":false,"template":"","format":"standard","meta":{"_vp_format_video_url":"","_vp_image_focal_point":[],"footnotes":""},"categories":[3],"tags":[],"class_list":["post-1061","post","type-post","status-publish","format-standard","has-post-thumbnail","hentry","category-evenements"],"yoast_head":"<!-- This site is optimized with the Yoast SEO plugin v25.0 - https:\/\/yoast.com\/wordpress\/plugins\/seo\/ -->\n<title>Sport \u00e0 l&#039;\u00e9cole primaire : 30 minutes par jour contre la s\u00e9dentarit\u00e9 - VELOSTATION PARIS VALLEE DE LA MARNE<\/title>\n<meta name=\"robots\" content=\"index, follow, max-snippet:-1, max-image-preview:large, max-video-preview:-1\" \/>\n<link rel=\"canonical\" href=\"http:\/\/m2ievm.com\/aavelo\/2020\/11\/16\/sport-a-lecole-primaire-30-minutes-par-jour-contre-la-sedentarite\/\" \/>\n<meta property=\"og:locale\" content=\"fr_FR\" \/>\n<meta property=\"og:type\" content=\"article\" \/>\n<meta property=\"og:title\" content=\"Sport \u00e0 l&#039;\u00e9cole primaire : 30 minutes par jour contre la s\u00e9dentarit\u00e9 - VELOSTATION PARIS VALLEE DE LA MARNE\" \/>\n<meta property=\"og:description\" content=\"Les organisateurs des\u00a0Jeux Olympiques\u00a0et Paralympiques de Paris 2024 ainsi que l&rsquo;Education\u00a0nationale souhaitent exp\u00e9rimenter \u00ab\u00a030 minutes d&rsquo;exercice par jour\u00a0\u00bb dans les \u00e9coles primaires, pour lutter contre la s\u00e9dentarit\u00e9 chez les enfants. Cette initiative d\u00e9taill\u00e9e d\u00e9but octobre, devrait d\u00e9buter dans certaines acad\u00e9mies comme celles de Cr\u00e9teil, Poitiers, Toulouse, Besan\u00e7on, Montpellier, Lyon, ou encore \u00e0 la R\u00e9union.\u00a0 L&rsquo;id\u00e9e &hellip; Continuer la lecture de &laquo;&nbsp;Sport \u00e0 l&rsquo;\u00e9cole primaire : 30 minutes par jour contre la s\u00e9dentarit\u00e9&nbsp;&raquo;\" \/>\n<meta property=\"og:url\" content=\"http:\/\/m2ievm.com\/aavelo\/2020\/11\/16\/sport-a-lecole-primaire-30-minutes-par-jour-contre-la-sedentarite\/\" \/>\n<meta property=\"og:site_name\" content=\"VELOSTATION PARIS VALLEE DE LA MARNE\" \/>\n<meta property=\"article:published_time\" content=\"2020-11-16T12:59:21+00:00\" \/>\n<meta property=\"article:modified_time\" content=\"2020-11-16T12:59:23+00:00\" \/>\n<meta property=\"og:image\" content=\"http:\/\/m2ievm.com\/aavelo\/wp-content\/uploads\/2020\/11\/apprentissage-du-velo-2.jpg\" \/>\n\t<meta property=\"og:image:width\" content=\"300\" \/>\n\t<meta property=\"og:image:height\" content=\"168\" \/>\n\t<meta property=\"og:image:type\" content=\"image\/jpeg\" \/>\n<meta name=\"author\" content=\"VeloAdmin\" \/>\n<meta name=\"twitter:card\" content=\"summary_large_image\" \/>\n<meta name=\"twitter:label1\" content=\"\u00c9crit par\" \/>\n\t<meta name=\"twitter:data1\" content=\"VeloAdmin\" \/>\n\t<meta name=\"twitter:label2\" content=\"Dur\u00e9e de lecture estim\u00e9e\" \/>\n\t<meta name=\"twitter:data2\" content=\"1 minute\" \/>\n<script type=\"application\/ld+json\" class=\"yoast-schema-graph\">{\"@context\":\"https:\/\/schema.org\",\"@graph\":[{\"@type\":\"Article\",\"@id\":\"http:\/\/m2ievm.com\/aavelo\/2020\/11\/16\/sport-a-lecole-primaire-30-minutes-par-jour-contre-la-sedentarite\/#article\",\"isPartOf\":{\"@id\":\"http:\/\/m2ievm.com\/aavelo\/2020\/11\/16\/sport-a-lecole-primaire-30-minutes-par-jour-contre-la-sedentarite\/\"},\"author\":{\"name\":\"VeloAdmin\",\"@id\":\"https:\/\/m2ievm.com\/aavelo\/#\/schema\/person\/30c5939a596d42b673831a7afa18a132\"},\"headline\":\"Sport \u00e0 l&rsquo;\u00e9cole primaire : 30 minutes par jour contre la s\u00e9dentarit\u00e9\",\"datePublished\":\"2020-11-16T12:59:21+00:00\",\"dateModified\":\"2020-11-16T12:59:23+00:00\",\"mainEntityOfPage\":{\"@id\":\"http:\/\/m2ievm.com\/aavelo\/2020\/11\/16\/sport-a-lecole-primaire-30-minutes-par-jour-contre-la-sedentarite\/\"},\"wordCount\":118,\"commentCount\":0,\"publisher\":{\"@id\":\"https:\/\/m2ievm.com\/aavelo\/#organization\"},\"image\":{\"@id\":\"http:\/\/m2ievm.com\/aavelo\/2020\/11\/16\/sport-a-lecole-primaire-30-minutes-par-jour-contre-la-sedentarite\/#primaryimage\"},\"thumbnailUrl\":\"http:\/\/m2ievm.com\/aavelo\/wp-content\/uploads\/2020\/11\/apprentissage-du-velo-2.jpg\",\"articleSection\":[\"Ev\u00e9nements\"],\"inLanguage\":\"fr-FR\",\"potentialAction\":[{\"@type\":\"CommentAction\",\"name\":\"Comment\",\"target\":[\"http:\/\/m2ievm.com\/aavelo\/2020\/11\/16\/sport-a-lecole-primaire-30-minutes-par-jour-contre-la-sedentarite\/#respond\"]}]},{\"@type\":\"WebPage\",\"@id\":\"http:\/\/m2ievm.com\/aavelo\/2020\/11\/16\/sport-a-lecole-primaire-30-minutes-par-jour-contre-la-sedentarite\/\",\"url\":\"http:\/\/m2ievm.com\/aavelo\/2020\/11\/16\/sport-a-lecole-primaire-30-minutes-par-jour-contre-la-sedentarite\/\",\"name\":\"Sport \u00e0 l'\u00e9cole primaire : 30 minutes par jour contre la s\u00e9dentarit\u00e9 - VELOSTATION PARIS VALLEE DE LA MARNE\",\"isPartOf\":{\"@id\":\"https:\/\/m2ievm.com\/aavelo\/#website\"},\"primaryImageOfPage\":{\"@id\":\"http:\/\/m2ievm.com\/aavelo\/2020\/11\/16\/sport-a-lecole-primaire-30-minutes-par-jour-contre-la-sedentarite\/#primaryimage\"},\"image\":{\"@id\":\"http:\/\/m2ievm.com\/aavelo\/2020\/11\/16\/sport-a-lecole-primaire-30-minutes-par-jour-contre-la-sedentarite\/#primaryimage\"},\"thumbnailUrl\":\"http:\/\/m2ievm.com\/aavelo\/wp-content\/uploads\/2020\/11\/apprentissage-du-velo-2.jpg\",\"datePublished\":\"2020-11-16T12:59:21+00:00\",\"dateModified\":\"2020-11-16T12:59:23+00:00\",\"breadcrumb\":{\"@id\":\"http:\/\/m2ievm.com\/aavelo\/2020\/11\/16\/sport-a-lecole-primaire-30-minutes-par-jour-contre-la-sedentarite\/#breadcrumb\"},\"inLanguage\":\"fr-FR\",\"potentialAction\":[{\"@type\":\"ReadAction\",\"target\":[\"http:\/\/m2ievm.com\/aavelo\/2020\/11\/16\/sport-a-lecole-primaire-30-minutes-par-jour-contre-la-sedentarite\/\"]}]},{\"@type\":\"ImageObject\",\"inLanguage\":\"fr-FR\",\"@id\":\"http:\/\/m2ievm.com\/aavelo\/2020\/11\/16\/sport-a-lecole-primaire-30-minutes-par-jour-contre-la-sedentarite\/#primaryimage\",\"url\":\"http:\/\/m2ievm.com\/aavelo\/wp-content\/uploads\/2020\/11\/apprentissage-du-velo-2.jpg\",\"contentUrl\":\"http:\/\/m2ievm.com\/aavelo\/wp-content\/uploads\/2020\/11\/apprentissage-du-velo-2.jpg\",\"width\":300,\"height\":168},{\"@type\":\"BreadcrumbList\",\"@id\":\"http:\/\/m2ievm.com\/aavelo\/2020\/11\/16\/sport-a-lecole-primaire-30-minutes-par-jour-contre-la-sedentarite\/#breadcrumb\",\"itemListElement\":[{\"@type\":\"ListItem\",\"position\":1,\"name\":\"Accueil\",\"item\":\"https:\/\/m2ievm.com\/aavelo\/\"},{\"@type\":\"ListItem\",\"position\":2,\"name\":\"Sport \u00e0 l&rsquo;\u00e9cole primaire : 30 minutes par jour contre la s\u00e9dentarit\u00e9\"}]},{\"@type\":\"WebSite\",\"@id\":\"https:\/\/m2ievm.com\/aavelo\/#website\",\"url\":\"https:\/\/m2ievm.com\/aavelo\/\",\"name\":\"VELOSTATION PARIS VALLEE DE LA MARNE\",\"description\":\"un nouveau regard sur l&#039; Eco-mobilit\u00e9\",\"publisher\":{\"@id\":\"https:\/\/m2ievm.com\/aavelo\/#organization\"},\"potentialAction\":[{\"@type\":\"SearchAction\",\"target\":{\"@type\":\"EntryPoint\",\"urlTemplate\":\"https:\/\/m2ievm.com\/aavelo\/?s={search_term_string}\"},\"query-input\":{\"@type\":\"PropertyValueSpecification\",\"valueRequired\":true,\"valueName\":\"search_term_string\"}}],\"inLanguage\":\"fr-FR\"},{\"@type\":\"Organization\",\"@id\":\"https:\/\/m2ievm.com\/aavelo\/#organization\",\"name\":\"VELOSTATION PARIS VALLEE DE LA MARNE\",\"url\":\"https:\/\/m2ievm.com\/aavelo\/\",\"logo\":{\"@type\":\"ImageObject\",\"inLanguage\":\"fr-FR\",\"@id\":\"https:\/\/m2ievm.com\/aavelo\/#\/schema\/logo\/image\/\",\"url\":\"http:\/\/m2ievm.com\/aavelo\/wp-content\/uploads\/2025\/04\/cropped-logo-velostation-3-02.png\",\"contentUrl\":\"http:\/\/m2ievm.com\/aavelo\/wp-content\/uploads\/2025\/04\/cropped-logo-velostation-3-02.png\",\"width\":249,\"height\":250,\"caption\":\"VELOSTATION PARIS VALLEE DE LA MARNE\"},\"image\":{\"@id\":\"https:\/\/m2ievm.com\/aavelo\/#\/schema\/logo\/image\/\"}},{\"@type\":\"Person\",\"@id\":\"https:\/\/m2ievm.com\/aavelo\/#\/schema\/person\/30c5939a596d42b673831a7afa18a132\",\"name\":\"VeloAdmin\",\"image\":{\"@type\":\"ImageObject\",\"inLanguage\":\"fr-FR\",\"@id\":\"https:\/\/m2ievm.com\/aavelo\/#\/schema\/person\/image\/\",\"url\":\"https:\/\/secure.gravatar.com\/avatar\/41e8238487e7f3ae04a3904f7f52adf0?s=96&d=mm&r=g\",\"contentUrl\":\"https:\/\/secure.gravatar.com\/avatar\/41e8238487e7f3ae04a3904f7f52adf0?s=96&d=mm&r=g\",\"caption\":\"VeloAdmin\"},\"sameAs\":[\"http:\/\/www.m2ievm.com\"],\"url\":\"http:\/\/m2ievm.com\/aavelo\/author\/veloadmin\/\"}]}<\/script>\n<!-- \/ Yoast SEO plugin. -->","yoast_head_json":{"title":"Sport \u00e0 l'\u00e9cole primaire : 30 minutes par jour contre la s\u00e9dentarit\u00e9 - VELOSTATION PARIS VALLEE DE LA MARNE","robots":{"index":"index","follow":"follow","max-snippet":"max-snippet:-1","max-image-preview":"max-image-preview:large","max-video-preview":"max-video-preview:-1"},"canonical":"http:\/\/m2ievm.com\/aavelo\/2020\/11\/16\/sport-a-lecole-primaire-30-minutes-par-jour-contre-la-sedentarite\/","og_locale":"fr_FR","og_type":"article","og_title":"Sport \u00e0 l'\u00e9cole primaire : 30 minutes par jour contre la s\u00e9dentarit\u00e9 - VELOSTATION PARIS VALLEE DE LA MARNE","og_description":"Les organisateurs des\u00a0Jeux Olympiques\u00a0et Paralympiques de Paris 2024 ainsi que l&rsquo;Education\u00a0nationale souhaitent exp\u00e9rimenter \u00ab\u00a030 minutes d&rsquo;exercice par jour\u00a0\u00bb dans les \u00e9coles primaires, pour lutter contre la s\u00e9dentarit\u00e9 chez les enfants. Cette initiative d\u00e9taill\u00e9e d\u00e9but octobre, devrait d\u00e9buter dans certaines acad\u00e9mies comme celles de Cr\u00e9teil, Poitiers, Toulouse, Besan\u00e7on, Montpellier, Lyon, ou encore \u00e0 la R\u00e9union.\u00a0 L&rsquo;id\u00e9e &hellip; Continuer la lecture de &laquo;&nbsp;Sport \u00e0 l&rsquo;\u00e9cole primaire : 30 minutes par jour contre la s\u00e9dentarit\u00e9&nbsp;&raquo;","og_url":"http:\/\/m2ievm.com\/aavelo\/2020\/11\/16\/sport-a-lecole-primaire-30-minutes-par-jour-contre-la-sedentarite\/","og_site_name":"VELOSTATION PARIS VALLEE DE LA MARNE","article_published_time":"2020-11-16T12:59:21+00:00","article_modified_time":"2020-11-16T12:59:23+00:00","og_image":[{"width":300,"height":168,"url":"http:\/\/m2ievm.com\/aavelo\/wp-content\/uploads\/2020\/11\/apprentissage-du-velo-2.jpg","type":"image\/jpeg"}],"author":"VeloAdmin","twitter_card":"summary_large_image","twitter_misc":{"\u00c9crit par":"VeloAdmin","Dur\u00e9e de lecture estim\u00e9e":"1 minute"},"schema":{"@context":"https:\/\/schema.org","@graph":[{"@type":"Article","@id":"http:\/\/m2ievm.com\/aavelo\/2020\/11\/16\/sport-a-lecole-primaire-30-minutes-par-jour-contre-la-sedentarite\/#article","isPartOf":{"@id":"http:\/\/m2ievm.com\/aavelo\/2020\/11\/16\/sport-a-lecole-primaire-30-minutes-par-jour-contre-la-sedentarite\/"},"author":{"name":"VeloAdmin","@id":"https:\/\/m2ievm.com\/aavelo\/#\/schema\/person\/30c5939a596d42b673831a7afa18a132"},"headline":"Sport \u00e0 l&rsquo;\u00e9cole primaire : 30 minutes par jour contre la s\u00e9dentarit\u00e9","datePublished":"2020-11-16T12:59:21+00:00","dateModified":"2020-11-16T12:59:23+00:00","mainEntityOfPage":{"@id":"http:\/\/m2ievm.com\/aavelo\/2020\/11\/16\/sport-a-lecole-primaire-30-minutes-par-jour-contre-la-sedentarite\/"},"wordCount":118,"commentCount":0,"publisher":{"@id":"https:\/\/m2ievm.com\/aavelo\/#organization"},"image":{"@id":"http:\/\/m2ievm.com\/aavelo\/2020\/11\/16\/sport-a-lecole-primaire-30-minutes-par-jour-contre-la-sedentarite\/#primaryimage"},"thumbnailUrl":"http:\/\/m2ievm.com\/aavelo\/wp-content\/uploads\/2020\/11\/apprentissage-du-velo-2.jpg","articleSection":["Ev\u00e9nements"],"inLanguage":"fr-FR","potentialAction":[{"@type":"CommentAction","name":"Comment","target":["http:\/\/m2ievm.com\/aavelo\/2020\/11\/16\/sport-a-lecole-primaire-30-minutes-par-jour-contre-la-sedentarite\/#respond"]}]},{"@type":"WebPage","@id":"http:\/\/m2ievm.com\/aavelo\/2020\/11\/16\/sport-a-lecole-primaire-30-minutes-par-jour-contre-la-sedentarite\/","url":"http:\/\/m2ievm.com\/aavelo\/2020\/11\/16\/sport-a-lecole-primaire-30-minutes-par-jour-contre-la-sedentarite\/","name":"Sport \u00e0 l'\u00e9cole primaire : 30 minutes par jour contre la s\u00e9dentarit\u00e9 - VELOSTATION PARIS VALLEE DE LA MARNE","isPartOf":{"@id":"https:\/\/m2ievm.com\/aavelo\/#website"},"primaryImageOfPage":{"@id":"http:\/\/m2ievm.com\/aavelo\/2020\/11\/16\/sport-a-lecole-primaire-30-minutes-par-jour-contre-la-sedentarite\/#primaryimage"},"image":{"@id":"http:\/\/m2ievm.com\/aavelo\/2020\/11\/16\/sport-a-lecole-primaire-30-minutes-par-jour-contre-la-sedentarite\/#primaryimage"},"thumbnailUrl":"http:\/\/m2ievm.com\/aavelo\/wp-content\/uploads\/2020\/11\/apprentissage-du-velo-2.jpg","datePublished":"2020-11-16T12:59:21+00:00","dateModified":"2020-11-16T12:59:23+00:00","breadcrumb":{"@id":"http:\/\/m2ievm.com\/aavelo\/2020\/11\/16\/sport-a-lecole-primaire-30-minutes-par-jour-contre-la-sedentarite\/#breadcrumb"},"inLanguage":"fr-FR","potentialAction":[{"@type":"ReadAction","target":["http:\/\/m2ievm.com\/aavelo\/2020\/11\/16\/sport-a-lecole-primaire-30-minutes-par-jour-contre-la-sedentarite\/"]}]},{"@type":"ImageObject","inLanguage":"fr-FR","@id":"http:\/\/m2ievm.com\/aavelo\/2020\/11\/16\/sport-a-lecole-primaire-30-minutes-par-jour-contre-la-sedentarite\/#primaryimage","url":"http:\/\/m2ievm.com\/aavelo\/wp-content\/uploads\/2020\/11\/apprentissage-du-velo-2.jpg","contentUrl":"http:\/\/m2ievm.com\/aavelo\/wp-content\/uploads\/2020\/11\/apprentissage-du-velo-2.jpg","width":300,"height":168},{"@type":"BreadcrumbList","@id":"http:\/\/m2ievm.com\/aavelo\/2020\/11\/16\/sport-a-lecole-primaire-30-minutes-par-jour-contre-la-sedentarite\/#breadcrumb","itemListElement":[{"@type":"ListItem","position":1,"name":"Accueil","item":"https:\/\/m2ievm.com\/aavelo\/"},{"@type":"ListItem","position":2,"name":"Sport \u00e0 l&rsquo;\u00e9cole primaire : 30 minutes par jour contre la s\u00e9dentarit\u00e9"}]},{"@type":"WebSite","@id":"https:\/\/m2ievm.com\/aavelo\/#website","url":"https:\/\/m2ievm.com\/aavelo\/","name":"VELOSTATION PARIS VALLEE DE LA MARNE","description":"un nouveau regard sur l&#039; Eco-mobilit\u00e9","publisher":{"@id":"https:\/\/m2ievm.com\/aavelo\/#organization"},"potentialAction":[{"@type":"SearchAction","target":{"@type":"EntryPoint","urlTemplate":"https:\/\/m2ievm.com\/aavelo\/?s={search_term_string}"},"query-input":{"@type":"PropertyValueSpecification","valueRequired":true,"valueName":"search_term_string"}}],"inLanguage":"fr-FR"},{"@type":"Organization","@id":"https:\/\/m2ievm.com\/aavelo\/#organization","name":"VELOSTATION PARIS VALLEE DE LA MARNE","url":"https:\/\/m2ievm.com\/aavelo\/","logo":{"@type":"ImageObject","inLanguage":"fr-FR","@id":"https:\/\/m2ievm.com\/aavelo\/#\/schema\/logo\/image\/","url":"http:\/\/m2ievm.com\/aavelo\/wp-content\/uploads\/2025\/04\/cropped-logo-velostation-3-02.png","contentUrl":"http:\/\/m2ievm.com\/aavelo\/wp-content\/uploads\/2025\/04\/cropped-logo-velostation-3-02.png","width":249,"height":250,"caption":"VELOSTATION PARIS VALLEE DE LA MARNE"},"image":{"@id":"https:\/\/m2ievm.com\/aavelo\/#\/schema\/logo\/image\/"}},{"@type":"Person","@id":"https:\/\/m2ievm.com\/aavelo\/#\/schema\/person\/30c5939a596d42b673831a7afa18a132","name":"VeloAdmin","image":{"@type":"ImageObject","inLanguage":"fr-FR","@id":"https:\/\/m2ievm.com\/aavelo\/#\/schema\/person\/image\/","url":"https:\/\/secure.gravatar.com\/avatar\/41e8238487e7f3ae04a3904f7f52adf0?s=96&d=mm&r=g","contentUrl":"https:\/\/secure.gravatar.com\/avatar\/41e8238487e7f3ae04a3904f7f52adf0?s=96&d=mm&r=g","caption":"VeloAdmin"},"sameAs":["http:\/\/www.m2ievm.com"],"url":"http:\/\/m2ievm.com\/aavelo\/author\/veloadmin\/"}]}},"_links":{"self":[{"href":"http:\/\/m2ievm.com\/aavelo\/wp-json\/wp\/v2\/posts\/1061","targetHints":{"allow":["GET"]}}],"collection":[{"href":"http:\/\/m2ievm.com\/aavelo\/wp-json\/wp\/v2\/posts"}],"about":[{"href":"http:\/\/m2ievm.com\/aavelo\/wp-json\/wp\/v2\/types\/post"}],"author":[{"embeddable":true,"href":"http:\/\/m2ievm.com\/aavelo\/wp-json\/wp\/v2\/users\/1"}],"replies":[{"embeddable":true,"href":"http:\/\/m2ievm.com\/aavelo\/wp-json\/wp\/v2\/comments?post=1061"}],"version-history":[{"count":1,"href":"http:\/\/m2ievm.com\/aavelo\/wp-json\/wp\/v2\/posts\/1061\/revisions"}],"predecessor-version":[{"id":1063,"href":"http:\/\/m2ievm.com\/aavelo\/wp-json\/wp\/v2\/posts\/1061\/revisions\/1063"}],"wp:featuredmedia":[{"embeddable":true,"href":"http:\/\/m2ievm.com\/aavelo\/wp-json\/wp\/v2\/media\/1062"}],"wp:attachment":[{"href":"http:\/\/m2ievm.com\/aavelo\/wp-json\/wp\/v2\/media?parent=1061"}],"wp:term":[{"taxonomy":"category","embeddable":true,"href":"http:\/\/m2ievm.com\/aavelo\/wp-json\/wp\/v2\/categories?post=1061"},{"taxonomy":"post_tag","embeddable":true,"href":"http:\/\/m2ievm.com\/aavelo\/wp-json\/wp\/v2\/tags?post=1061"}],"curies":[{"name":"wp","href":"https:\/\/api.w.org\/{rel}","templated":true}]}}