{"id":1207,"date":"2021-12-13T17:24:25","date_gmt":"2021-12-13T16:24:25","guid":{"rendered":"http:\/\/m2ievm.com\/aavelo\/?p=1207"},"modified":"2021-12-13T17:24:26","modified_gmt":"2021-12-13T16:24:26","slug":"lonu-lance-une-campagne-mondiale-de-communication-sur-la-securite-routiere","status":"publish","type":"post","link":"http:\/\/m2ievm.com\/aavelo\/2021\/12\/13\/lonu-lance-une-campagne-mondiale-de-communication-sur-la-securite-routiere\/","title":{"rendered":"L\u2019ONU lance une campagne mondiale de communication sur la s\u00e9curit\u00e9 routi\u00e8re"},"content":{"rendered":"\n<h1 class=\"wp-block-heading\">There are so many moments to live for : il y a tant de moments \u00e0 vivre.<\/h1>\n\n\n\n<h3 class=\"wp-block-heading\">\u00c0 condition de ne pas mourir sur la route.<br>L\u2019id\u00e9e est condens\u00e9e dans le slogan de campagne, pr\u00e9c\u00e9d\u00e9 d\u2019un hashtag : #moments \u00ab to \u00bb (2) live \u00ab for \u00bb (4).<br>Derri\u00e8re l\u2019astuce alphanum\u00e9rique, il s\u2019agit de mettre en relief ces deux chiffres, 2 et 4, pour rappeler que toutes les 24 secondes, sur le globe, quelqu\u2019un meurt d\u2019un accident de la route.<\/h3>\n\n\n\n<p>Le Fonds des Nations Unies pour la s\u00e9curit\u00e9 routi\u00e8re (UNSRF) appelle donc \u00e0 r\u00e9aliser des vid\u00e9os montrant tous ces moments importants de l\u2019existence, menac\u00e9s de ne pas \u00eatre v\u00e9cus en cas de drame routier.<\/p>\n\n\n\n<p>Cette campagne qui veut sensibiliser \u00e0 l\u2019importance d\u2019investir dans les probl\u00e9matiques de s\u00e9curit\u00e9 routi\u00e8re, a d\u00e9but\u00e9 le 4 novembre 2021. D\u2019abord dans 3 \u00e9tats, l&rsquo;Indon\u00e9sie, l&rsquo;Italie et le Nig\u00e9ria, elle va s\u2019\u00e9tendre \u00e0 21 autres pays dont la France en mars 2022.<br>L\u2019UNSRF esp\u00e8re, dans les 24 pays choisis, un relais m\u00e9diatique et institutionnel de cette campagne, mais aussi une large participation citoyenne, sous forme de contributions vid\u00e9os \u00e0 la dur\u00e9e si symbolique donc, de 24 secondes.<\/p>\n","protected":false},"excerpt":{"rendered":"<p>There are so many moments to live for : il y a tant de moments \u00e0 vivre. \u00c0 condition de ne pas mourir sur la route.L\u2019id\u00e9e est condens\u00e9e dans le slogan de campagne, pr\u00e9c\u00e9d\u00e9 d\u2019un hashtag : #moments \u00ab to \u00bb (2) live \u00ab for \u00bb (4).Derri\u00e8re l\u2019astuce alphanum\u00e9rique, il s\u2019agit de mettre en relief &hellip; <\/p>\n<p class=\"link-more\"><a href=\"http:\/\/m2ievm.com\/aavelo\/2021\/12\/13\/lonu-lance-une-campagne-mondiale-de-communication-sur-la-securite-routiere\/\" class=\"more-link\">Continuer la lecture<span class=\"screen-reader-text\"> de &laquo;&nbsp;L\u2019ONU lance une campagne mondiale de communication sur la s\u00e9curit\u00e9 routi\u00e8re&nbsp;&raquo;<\/span><\/a><\/p>\n","protected":false},"author":1,"featured_media":1013,"comment_status":"open","ping_status":"open","sticky":false,"template":"","format":"standard","meta":{"_vp_format_video_url":"","_vp_image_focal_point":[],"footnotes":""},"categories":[3],"tags":[],"class_list":["post-1207","post","type-post","status-publish","format-standard","has-post-thumbnail","hentry","category-evenements"],"yoast_head":"<!-- This site is optimized with the Yoast SEO plugin v25.0 - https:\/\/yoast.com\/wordpress\/plugins\/seo\/ -->\n<title>L\u2019ONU lance une campagne mondiale de communication sur la s\u00e9curit\u00e9 routi\u00e8re - VELOSTATION PARIS VALLEE DE LA MARNE<\/title>\n<meta name=\"robots\" content=\"index, follow, max-snippet:-1, max-image-preview:large, max-video-preview:-1\" \/>\n<link rel=\"canonical\" href=\"http:\/\/m2ievm.com\/aavelo\/2021\/12\/13\/lonu-lance-une-campagne-mondiale-de-communication-sur-la-securite-routiere\/\" \/>\n<meta property=\"og:locale\" content=\"fr_FR\" \/>\n<meta property=\"og:type\" content=\"article\" \/>\n<meta property=\"og:title\" content=\"L\u2019ONU lance une campagne mondiale de communication sur la s\u00e9curit\u00e9 routi\u00e8re - VELOSTATION PARIS VALLEE DE LA MARNE\" \/>\n<meta property=\"og:description\" content=\"There are so many moments to live for : il y a tant de moments \u00e0 vivre. \u00c0 condition de ne pas mourir sur la route.L\u2019id\u00e9e est condens\u00e9e dans le slogan de campagne, pr\u00e9c\u00e9d\u00e9 d\u2019un hashtag : #moments \u00ab to \u00bb (2) live \u00ab for \u00bb (4).Derri\u00e8re l\u2019astuce alphanum\u00e9rique, il s\u2019agit de mettre en relief &hellip; Continuer la lecture de &laquo;&nbsp;L\u2019ONU lance une campagne mondiale de communication sur la s\u00e9curit\u00e9 routi\u00e8re&nbsp;&raquo;\" \/>\n<meta property=\"og:url\" content=\"http:\/\/m2ievm.com\/aavelo\/2021\/12\/13\/lonu-lance-une-campagne-mondiale-de-communication-sur-la-securite-routiere\/\" \/>\n<meta property=\"og:site_name\" content=\"VELOSTATION PARIS VALLEE DE LA MARNE\" \/>\n<meta property=\"article:published_time\" content=\"2021-12-13T16:24:25+00:00\" \/>\n<meta property=\"article:modified_time\" content=\"2021-12-13T16:24:26+00:00\" \/>\n<meta property=\"og:image\" content=\"http:\/\/m2ievm.com\/aavelo\/wp-content\/uploads\/2020\/02\/Vivre-ensemble-nouveau-slogan-Securite-routiere_0_730_290.jpg\" \/>\n\t<meta property=\"og:image:width\" content=\"730\" \/>\n\t<meta property=\"og:image:height\" content=\"290\" \/>\n\t<meta property=\"og:image:type\" content=\"image\/jpeg\" \/>\n<meta name=\"author\" content=\"VeloAdmin\" \/>\n<meta name=\"twitter:card\" content=\"summary_large_image\" \/>\n<meta name=\"twitter:label1\" content=\"\u00c9crit par\" \/>\n\t<meta name=\"twitter:data1\" content=\"VeloAdmin\" \/>\n\t<meta name=\"twitter:label2\" content=\"Dur\u00e9e de lecture estim\u00e9e\" \/>\n\t<meta name=\"twitter:data2\" content=\"1 minute\" \/>\n<script type=\"application\/ld+json\" class=\"yoast-schema-graph\">{\"@context\":\"https:\/\/schema.org\",\"@graph\":[{\"@type\":\"Article\",\"@id\":\"http:\/\/m2ievm.com\/aavelo\/2021\/12\/13\/lonu-lance-une-campagne-mondiale-de-communication-sur-la-securite-routiere\/#article\",\"isPartOf\":{\"@id\":\"http:\/\/m2ievm.com\/aavelo\/2021\/12\/13\/lonu-lance-une-campagne-mondiale-de-communication-sur-la-securite-routiere\/\"},\"author\":{\"name\":\"VeloAdmin\",\"@id\":\"https:\/\/m2ievm.com\/aavelo\/#\/schema\/person\/30c5939a596d42b673831a7afa18a132\"},\"headline\":\"L\u2019ONU lance une campagne mondiale de communication sur la s\u00e9curit\u00e9 routi\u00e8re\",\"datePublished\":\"2021-12-13T16:24:25+00:00\",\"dateModified\":\"2021-12-13T16:24:26+00:00\",\"mainEntityOfPage\":{\"@id\":\"http:\/\/m2ievm.com\/aavelo\/2021\/12\/13\/lonu-lance-une-campagne-mondiale-de-communication-sur-la-securite-routiere\/\"},\"wordCount\":215,\"commentCount\":0,\"publisher\":{\"@id\":\"https:\/\/m2ievm.com\/aavelo\/#organization\"},\"image\":{\"@id\":\"http:\/\/m2ievm.com\/aavelo\/2021\/12\/13\/lonu-lance-une-campagne-mondiale-de-communication-sur-la-securite-routiere\/#primaryimage\"},\"thumbnailUrl\":\"http:\/\/m2ievm.com\/aavelo\/wp-content\/uploads\/2020\/02\/Vivre-ensemble-nouveau-slogan-Securite-routiere_0_730_290.jpg\",\"articleSection\":[\"Ev\u00e9nements\"],\"inLanguage\":\"fr-FR\",\"potentialAction\":[{\"@type\":\"CommentAction\",\"name\":\"Comment\",\"target\":[\"http:\/\/m2ievm.com\/aavelo\/2021\/12\/13\/lonu-lance-une-campagne-mondiale-de-communication-sur-la-securite-routiere\/#respond\"]}]},{\"@type\":\"WebPage\",\"@id\":\"http:\/\/m2ievm.com\/aavelo\/2021\/12\/13\/lonu-lance-une-campagne-mondiale-de-communication-sur-la-securite-routiere\/\",\"url\":\"http:\/\/m2ievm.com\/aavelo\/2021\/12\/13\/lonu-lance-une-campagne-mondiale-de-communication-sur-la-securite-routiere\/\",\"name\":\"L\u2019ONU lance une campagne mondiale de communication sur la s\u00e9curit\u00e9 routi\u00e8re - VELOSTATION PARIS VALLEE DE LA MARNE\",\"isPartOf\":{\"@id\":\"https:\/\/m2ievm.com\/aavelo\/#website\"},\"primaryImageOfPage\":{\"@id\":\"http:\/\/m2ievm.com\/aavelo\/2021\/12\/13\/lonu-lance-une-campagne-mondiale-de-communication-sur-la-securite-routiere\/#primaryimage\"},\"image\":{\"@id\":\"http:\/\/m2ievm.com\/aavelo\/2021\/12\/13\/lonu-lance-une-campagne-mondiale-de-communication-sur-la-securite-routiere\/#primaryimage\"},\"thumbnailUrl\":\"http:\/\/m2ievm.com\/aavelo\/wp-content\/uploads\/2020\/02\/Vivre-ensemble-nouveau-slogan-Securite-routiere_0_730_290.jpg\",\"datePublished\":\"2021-12-13T16:24:25+00:00\",\"dateModified\":\"2021-12-13T16:24:26+00:00\",\"breadcrumb\":{\"@id\":\"http:\/\/m2ievm.com\/aavelo\/2021\/12\/13\/lonu-lance-une-campagne-mondiale-de-communication-sur-la-securite-routiere\/#breadcrumb\"},\"inLanguage\":\"fr-FR\",\"potentialAction\":[{\"@type\":\"ReadAction\",\"target\":[\"http:\/\/m2ievm.com\/aavelo\/2021\/12\/13\/lonu-lance-une-campagne-mondiale-de-communication-sur-la-securite-routiere\/\"]}]},{\"@type\":\"ImageObject\",\"inLanguage\":\"fr-FR\",\"@id\":\"http:\/\/m2ievm.com\/aavelo\/2021\/12\/13\/lonu-lance-une-campagne-mondiale-de-communication-sur-la-securite-routiere\/#primaryimage\",\"url\":\"http:\/\/m2ievm.com\/aavelo\/wp-content\/uploads\/2020\/02\/Vivre-ensemble-nouveau-slogan-Securite-routiere_0_730_290.jpg\",\"contentUrl\":\"http:\/\/m2ievm.com\/aavelo\/wp-content\/uploads\/2020\/02\/Vivre-ensemble-nouveau-slogan-Securite-routiere_0_730_290.jpg\",\"width\":730,\"height\":290,\"caption\":\"S\u00e9curit\u00e9 routi\u00e8re\"},{\"@type\":\"BreadcrumbList\",\"@id\":\"http:\/\/m2ievm.com\/aavelo\/2021\/12\/13\/lonu-lance-une-campagne-mondiale-de-communication-sur-la-securite-routiere\/#breadcrumb\",\"itemListElement\":[{\"@type\":\"ListItem\",\"position\":1,\"name\":\"Accueil\",\"item\":\"http:\/\/m2ievm.com\/aavelo\/\"},{\"@type\":\"ListItem\",\"position\":2,\"name\":\"L\u2019ONU lance une campagne mondiale de communication sur la s\u00e9curit\u00e9 routi\u00e8re\"}]},{\"@type\":\"WebSite\",\"@id\":\"https:\/\/m2ievm.com\/aavelo\/#website\",\"url\":\"https:\/\/m2ievm.com\/aavelo\/\",\"name\":\"VELOSTATION PARIS VALLEE DE LA MARNE\",\"description\":\"un nouveau regard sur l&#039; Eco-mobilit\u00e9\",\"publisher\":{\"@id\":\"https:\/\/m2ievm.com\/aavelo\/#organization\"},\"potentialAction\":[{\"@type\":\"SearchAction\",\"target\":{\"@type\":\"EntryPoint\",\"urlTemplate\":\"https:\/\/m2ievm.com\/aavelo\/?s={search_term_string}\"},\"query-input\":{\"@type\":\"PropertyValueSpecification\",\"valueRequired\":true,\"valueName\":\"search_term_string\"}}],\"inLanguage\":\"fr-FR\"},{\"@type\":\"Organization\",\"@id\":\"https:\/\/m2ievm.com\/aavelo\/#organization\",\"name\":\"VELOSTATION PARIS VALLEE DE LA MARNE\",\"url\":\"https:\/\/m2ievm.com\/aavelo\/\",\"logo\":{\"@type\":\"ImageObject\",\"inLanguage\":\"fr-FR\",\"@id\":\"https:\/\/m2ievm.com\/aavelo\/#\/schema\/logo\/image\/\",\"url\":\"http:\/\/m2ievm.com\/aavelo\/wp-content\/uploads\/2025\/04\/cropped-logo-velostation-3-02.png\",\"contentUrl\":\"http:\/\/m2ievm.com\/aavelo\/wp-content\/uploads\/2025\/04\/cropped-logo-velostation-3-02.png\",\"width\":249,\"height\":250,\"caption\":\"VELOSTATION PARIS VALLEE DE LA MARNE\"},\"image\":{\"@id\":\"https:\/\/m2ievm.com\/aavelo\/#\/schema\/logo\/image\/\"}},{\"@type\":\"Person\",\"@id\":\"https:\/\/m2ievm.com\/aavelo\/#\/schema\/person\/30c5939a596d42b673831a7afa18a132\",\"name\":\"VeloAdmin\",\"image\":{\"@type\":\"ImageObject\",\"inLanguage\":\"fr-FR\",\"@id\":\"https:\/\/m2ievm.com\/aavelo\/#\/schema\/person\/image\/\",\"url\":\"https:\/\/secure.gravatar.com\/avatar\/41e8238487e7f3ae04a3904f7f52adf0?s=96&d=mm&r=g\",\"contentUrl\":\"https:\/\/secure.gravatar.com\/avatar\/41e8238487e7f3ae04a3904f7f52adf0?s=96&d=mm&r=g\",\"caption\":\"VeloAdmin\"},\"sameAs\":[\"http:\/\/www.m2ievm.com\"],\"url\":\"http:\/\/m2ievm.com\/aavelo\/author\/veloadmin\/\"}]}<\/script>\n<!-- \/ Yoast SEO plugin. -->","yoast_head_json":{"title":"L\u2019ONU lance une campagne mondiale de communication sur la s\u00e9curit\u00e9 routi\u00e8re - VELOSTATION PARIS VALLEE DE LA MARNE","robots":{"index":"index","follow":"follow","max-snippet":"max-snippet:-1","max-image-preview":"max-image-preview:large","max-video-preview":"max-video-preview:-1"},"canonical":"http:\/\/m2ievm.com\/aavelo\/2021\/12\/13\/lonu-lance-une-campagne-mondiale-de-communication-sur-la-securite-routiere\/","og_locale":"fr_FR","og_type":"article","og_title":"L\u2019ONU lance une campagne mondiale de communication sur la s\u00e9curit\u00e9 routi\u00e8re - VELOSTATION PARIS VALLEE DE LA MARNE","og_description":"There are so many moments to live for : il y a tant de moments \u00e0 vivre. \u00c0 condition de ne pas mourir sur la route.L\u2019id\u00e9e est condens\u00e9e dans le slogan de campagne, pr\u00e9c\u00e9d\u00e9 d\u2019un hashtag : #moments \u00ab to \u00bb (2) live \u00ab for \u00bb (4).Derri\u00e8re l\u2019astuce alphanum\u00e9rique, il s\u2019agit de mettre en relief &hellip; Continuer la lecture de &laquo;&nbsp;L\u2019ONU lance une campagne mondiale de communication sur la s\u00e9curit\u00e9 routi\u00e8re&nbsp;&raquo;","og_url":"http:\/\/m2ievm.com\/aavelo\/2021\/12\/13\/lonu-lance-une-campagne-mondiale-de-communication-sur-la-securite-routiere\/","og_site_name":"VELOSTATION PARIS VALLEE DE LA MARNE","article_published_time":"2021-12-13T16:24:25+00:00","article_modified_time":"2021-12-13T16:24:26+00:00","og_image":[{"width":730,"height":290,"url":"http:\/\/m2ievm.com\/aavelo\/wp-content\/uploads\/2020\/02\/Vivre-ensemble-nouveau-slogan-Securite-routiere_0_730_290.jpg","type":"image\/jpeg"}],"author":"VeloAdmin","twitter_card":"summary_large_image","twitter_misc":{"\u00c9crit par":"VeloAdmin","Dur\u00e9e de lecture estim\u00e9e":"1 minute"},"schema":{"@context":"https:\/\/schema.org","@graph":[{"@type":"Article","@id":"http:\/\/m2ievm.com\/aavelo\/2021\/12\/13\/lonu-lance-une-campagne-mondiale-de-communication-sur-la-securite-routiere\/#article","isPartOf":{"@id":"http:\/\/m2ievm.com\/aavelo\/2021\/12\/13\/lonu-lance-une-campagne-mondiale-de-communication-sur-la-securite-routiere\/"},"author":{"name":"VeloAdmin","@id":"https:\/\/m2ievm.com\/aavelo\/#\/schema\/person\/30c5939a596d42b673831a7afa18a132"},"headline":"L\u2019ONU lance une campagne mondiale de communication sur la s\u00e9curit\u00e9 routi\u00e8re","datePublished":"2021-12-13T16:24:25+00:00","dateModified":"2021-12-13T16:24:26+00:00","mainEntityOfPage":{"@id":"http:\/\/m2ievm.com\/aavelo\/2021\/12\/13\/lonu-lance-une-campagne-mondiale-de-communication-sur-la-securite-routiere\/"},"wordCount":215,"commentCount":0,"publisher":{"@id":"https:\/\/m2ievm.com\/aavelo\/#organization"},"image":{"@id":"http:\/\/m2ievm.com\/aavelo\/2021\/12\/13\/lonu-lance-une-campagne-mondiale-de-communication-sur-la-securite-routiere\/#primaryimage"},"thumbnailUrl":"http:\/\/m2ievm.com\/aavelo\/wp-content\/uploads\/2020\/02\/Vivre-ensemble-nouveau-slogan-Securite-routiere_0_730_290.jpg","articleSection":["Ev\u00e9nements"],"inLanguage":"fr-FR","potentialAction":[{"@type":"CommentAction","name":"Comment","target":["http:\/\/m2ievm.com\/aavelo\/2021\/12\/13\/lonu-lance-une-campagne-mondiale-de-communication-sur-la-securite-routiere\/#respond"]}]},{"@type":"WebPage","@id":"http:\/\/m2ievm.com\/aavelo\/2021\/12\/13\/lonu-lance-une-campagne-mondiale-de-communication-sur-la-securite-routiere\/","url":"http:\/\/m2ievm.com\/aavelo\/2021\/12\/13\/lonu-lance-une-campagne-mondiale-de-communication-sur-la-securite-routiere\/","name":"L\u2019ONU lance une campagne mondiale de communication sur la s\u00e9curit\u00e9 routi\u00e8re - VELOSTATION PARIS VALLEE DE LA MARNE","isPartOf":{"@id":"https:\/\/m2ievm.com\/aavelo\/#website"},"primaryImageOfPage":{"@id":"http:\/\/m2ievm.com\/aavelo\/2021\/12\/13\/lonu-lance-une-campagne-mondiale-de-communication-sur-la-securite-routiere\/#primaryimage"},"image":{"@id":"http:\/\/m2ievm.com\/aavelo\/2021\/12\/13\/lonu-lance-une-campagne-mondiale-de-communication-sur-la-securite-routiere\/#primaryimage"},"thumbnailUrl":"http:\/\/m2ievm.com\/aavelo\/wp-content\/uploads\/2020\/02\/Vivre-ensemble-nouveau-slogan-Securite-routiere_0_730_290.jpg","datePublished":"2021-12-13T16:24:25+00:00","dateModified":"2021-12-13T16:24:26+00:00","breadcrumb":{"@id":"http:\/\/m2ievm.com\/aavelo\/2021\/12\/13\/lonu-lance-une-campagne-mondiale-de-communication-sur-la-securite-routiere\/#breadcrumb"},"inLanguage":"fr-FR","potentialAction":[{"@type":"ReadAction","target":["http:\/\/m2ievm.com\/aavelo\/2021\/12\/13\/lonu-lance-une-campagne-mondiale-de-communication-sur-la-securite-routiere\/"]}]},{"@type":"ImageObject","inLanguage":"fr-FR","@id":"http:\/\/m2ievm.com\/aavelo\/2021\/12\/13\/lonu-lance-une-campagne-mondiale-de-communication-sur-la-securite-routiere\/#primaryimage","url":"http:\/\/m2ievm.com\/aavelo\/wp-content\/uploads\/2020\/02\/Vivre-ensemble-nouveau-slogan-Securite-routiere_0_730_290.jpg","contentUrl":"http:\/\/m2ievm.com\/aavelo\/wp-content\/uploads\/2020\/02\/Vivre-ensemble-nouveau-slogan-Securite-routiere_0_730_290.jpg","width":730,"height":290,"caption":"S\u00e9curit\u00e9 routi\u00e8re"},{"@type":"BreadcrumbList","@id":"http:\/\/m2ievm.com\/aavelo\/2021\/12\/13\/lonu-lance-une-campagne-mondiale-de-communication-sur-la-securite-routiere\/#breadcrumb","itemListElement":[{"@type":"ListItem","position":1,"name":"Accueil","item":"http:\/\/m2ievm.com\/aavelo\/"},{"@type":"ListItem","position":2,"name":"L\u2019ONU lance une campagne mondiale de communication sur la s\u00e9curit\u00e9 routi\u00e8re"}]},{"@type":"WebSite","@id":"https:\/\/m2ievm.com\/aavelo\/#website","url":"https:\/\/m2ievm.com\/aavelo\/","name":"VELOSTATION PARIS VALLEE DE LA MARNE","description":"un nouveau regard sur l&#039; Eco-mobilit\u00e9","publisher":{"@id":"https:\/\/m2ievm.com\/aavelo\/#organization"},"potentialAction":[{"@type":"SearchAction","target":{"@type":"EntryPoint","urlTemplate":"https:\/\/m2ievm.com\/aavelo\/?s={search_term_string}"},"query-input":{"@type":"PropertyValueSpecification","valueRequired":true,"valueName":"search_term_string"}}],"inLanguage":"fr-FR"},{"@type":"Organization","@id":"https:\/\/m2ievm.com\/aavelo\/#organization","name":"VELOSTATION PARIS VALLEE DE LA MARNE","url":"https:\/\/m2ievm.com\/aavelo\/","logo":{"@type":"ImageObject","inLanguage":"fr-FR","@id":"https:\/\/m2ievm.com\/aavelo\/#\/schema\/logo\/image\/","url":"http:\/\/m2ievm.com\/aavelo\/wp-content\/uploads\/2025\/04\/cropped-logo-velostation-3-02.png","contentUrl":"http:\/\/m2ievm.com\/aavelo\/wp-content\/uploads\/2025\/04\/cropped-logo-velostation-3-02.png","width":249,"height":250,"caption":"VELOSTATION PARIS VALLEE DE LA MARNE"},"image":{"@id":"https:\/\/m2ievm.com\/aavelo\/#\/schema\/logo\/image\/"}},{"@type":"Person","@id":"https:\/\/m2ievm.com\/aavelo\/#\/schema\/person\/30c5939a596d42b673831a7afa18a132","name":"VeloAdmin","image":{"@type":"ImageObject","inLanguage":"fr-FR","@id":"https:\/\/m2ievm.com\/aavelo\/#\/schema\/person\/image\/","url":"https:\/\/secure.gravatar.com\/avatar\/41e8238487e7f3ae04a3904f7f52adf0?s=96&d=mm&r=g","contentUrl":"https:\/\/secure.gravatar.com\/avatar\/41e8238487e7f3ae04a3904f7f52adf0?s=96&d=mm&r=g","caption":"VeloAdmin"},"sameAs":["http:\/\/www.m2ievm.com"],"url":"http:\/\/m2ievm.com\/aavelo\/author\/veloadmin\/"}]}},"_links":{"self":[{"href":"http:\/\/m2ievm.com\/aavelo\/wp-json\/wp\/v2\/posts\/1207","targetHints":{"allow":["GET"]}}],"collection":[{"href":"http:\/\/m2ievm.com\/aavelo\/wp-json\/wp\/v2\/posts"}],"about":[{"href":"http:\/\/m2ievm.com\/aavelo\/wp-json\/wp\/v2\/types\/post"}],"author":[{"embeddable":true,"href":"http:\/\/m2ievm.com\/aavelo\/wp-json\/wp\/v2\/users\/1"}],"replies":[{"embeddable":true,"href":"http:\/\/m2ievm.com\/aavelo\/wp-json\/wp\/v2\/comments?post=1207"}],"version-history":[{"count":1,"href":"http:\/\/m2ievm.com\/aavelo\/wp-json\/wp\/v2\/posts\/1207\/revisions"}],"predecessor-version":[{"id":1208,"href":"http:\/\/m2ievm.com\/aavelo\/wp-json\/wp\/v2\/posts\/1207\/revisions\/1208"}],"wp:featuredmedia":[{"embeddable":true,"href":"http:\/\/m2ievm.com\/aavelo\/wp-json\/wp\/v2\/media\/1013"}],"wp:attachment":[{"href":"http:\/\/m2ievm.com\/aavelo\/wp-json\/wp\/v2\/media?parent=1207"}],"wp:term":[{"taxonomy":"category","embeddable":true,"href":"http:\/\/m2ievm.com\/aavelo\/wp-json\/wp\/v2\/categories?post=1207"},{"taxonomy":"post_tag","embeddable":true,"href":"http:\/\/m2ievm.com\/aavelo\/wp-json\/wp\/v2\/tags?post=1207"}],"curies":[{"name":"wp","href":"https:\/\/api.w.org\/{rel}","templated":true}]}}