{"id":1213,"date":"2022-04-07T15:17:56","date_gmt":"2022-04-07T13:17:56","guid":{"rendered":"https:\/\/m2ievm.com\/aavelo\/?p=1213"},"modified":"2022-04-07T15:17:57","modified_gmt":"2022-04-07T13:17:57","slug":"chef-dun-jour-le-cyclo-tutti-frutti-vs-norbert-tarayre","status":"publish","type":"post","link":"http:\/\/m2ievm.com\/aavelo\/2022\/04\/07\/chef-dun-jour-le-cyclo-tutti-frutti-vs-norbert-tarayre\/","title":{"rendered":"\u00ab\u00a0Chef d&rsquo;un jour\u00a0\u00bb : le  CYCLO TUTTI FRUTTI vs Norbert TARAYRE"},"content":{"rendered":"\n<p>Dimanche 3 avril 2022,  la Ville de\u00a0<strong>Lognes<\/strong>\u00a0organise son premier concours culinaire sous le patronage du\u00a0<strong>chef<\/strong>\u00a0Norbert TARAYRE, r\u00e9v\u00e9l\u00e9 dans l&rsquo;\u00e9mission Top\u00a0<strong>Chef<\/strong>\u00a0. <\/p>\n\n\n\n<p>La VELOSTATION PARIS VALLEE DE LA MARNE et ses l\u00e9gendaires CYCLO TUTTI FRUTTI essaieront de voler la vedette au chef Norbert TARAYRE. <\/p>\n\n\n\n<p>Coupez, p\u00e9dalez, mixez et d\u00e9gustez!<\/p>\n","protected":false},"excerpt":{"rendered":"<p>Dimanche 3 avril 2022, la Ville de\u00a0Lognes\u00a0organise son premier concours culinaire sous le patronage du\u00a0chef\u00a0Norbert TARAYRE, r\u00e9v\u00e9l\u00e9 dans l&rsquo;\u00e9mission Top\u00a0Chef\u00a0. La VELOSTATION PARIS VALLEE DE LA MARNE et ses l\u00e9gendaires CYCLO TUTTI FRUTTI essaieront de voler la vedette au chef Norbert TARAYRE. Coupez, p\u00e9dalez, mixez et d\u00e9gustez!<\/p>\n","protected":false},"author":1,"featured_media":1215,"comment_status":"open","ping_status":"open","sticky":false,"template":"","format":"standard","meta":{"_vp_format_video_url":"","_vp_image_focal_point":[],"footnotes":""},"categories":[3],"tags":[],"class_list":["post-1213","post","type-post","status-publish","format-standard","has-post-thumbnail","hentry","category-evenements"],"yoast_head":"<!-- This site is optimized with the Yoast SEO plugin v25.0 - https:\/\/yoast.com\/wordpress\/plugins\/seo\/ -->\n<title>&quot;Chef d&#039;un jour&quot; : le CYCLO TUTTI FRUTTI vs Norbert TARAYRE - VELOSTATION PARIS VALLEE DE LA MARNE<\/title>\n<meta name=\"robots\" content=\"index, follow, max-snippet:-1, max-image-preview:large, max-video-preview:-1\" \/>\n<link rel=\"canonical\" href=\"http:\/\/m2ievm.com\/aavelo\/2022\/04\/07\/chef-dun-jour-le-cyclo-tutti-frutti-vs-norbert-tarayre\/\" \/>\n<meta property=\"og:locale\" content=\"fr_FR\" \/>\n<meta property=\"og:type\" content=\"article\" \/>\n<meta property=\"og:title\" content=\"&quot;Chef d&#039;un jour&quot; : le CYCLO TUTTI FRUTTI vs Norbert TARAYRE - VELOSTATION PARIS VALLEE DE LA MARNE\" \/>\n<meta property=\"og:description\" content=\"Dimanche 3 avril 2022, la Ville de\u00a0Lognes\u00a0organise son premier concours culinaire sous le patronage du\u00a0chef\u00a0Norbert TARAYRE, r\u00e9v\u00e9l\u00e9 dans l&rsquo;\u00e9mission Top\u00a0Chef\u00a0. La VELOSTATION PARIS VALLEE DE LA MARNE et ses l\u00e9gendaires CYCLO TUTTI FRUTTI essaieront de voler la vedette au chef Norbert TARAYRE. Coupez, p\u00e9dalez, mixez et d\u00e9gustez!\" \/>\n<meta property=\"og:url\" content=\"http:\/\/m2ievm.com\/aavelo\/2022\/04\/07\/chef-dun-jour-le-cyclo-tutti-frutti-vs-norbert-tarayre\/\" \/>\n<meta property=\"og:site_name\" content=\"VELOSTATION PARIS VALLEE DE LA MARNE\" \/>\n<meta property=\"article:published_time\" content=\"2022-04-07T13:17:56+00:00\" \/>\n<meta property=\"article:modified_time\" content=\"2022-04-07T13:17:57+00:00\" \/>\n<meta property=\"og:image\" content=\"http:\/\/m2ievm.com\/aavelo\/wp-content\/uploads\/2022\/04\/DSCF4401-scaled.jpg\" \/>\n\t<meta property=\"og:image:width\" content=\"2560\" \/>\n\t<meta property=\"og:image:height\" content=\"1707\" \/>\n\t<meta property=\"og:image:type\" content=\"image\/jpeg\" \/>\n<meta name=\"author\" content=\"VeloAdmin\" \/>\n<meta name=\"twitter:card\" content=\"summary_large_image\" \/>\n<meta name=\"twitter:label1\" content=\"\u00c9crit par\" \/>\n\t<meta name=\"twitter:data1\" content=\"VeloAdmin\" \/>\n\t<meta name=\"twitter:label2\" content=\"Dur\u00e9e de lecture estim\u00e9e\" \/>\n\t<meta name=\"twitter:data2\" content=\"1 minute\" \/>\n<script type=\"application\/ld+json\" class=\"yoast-schema-graph\">{\"@context\":\"https:\/\/schema.org\",\"@graph\":[{\"@type\":\"Article\",\"@id\":\"http:\/\/m2ievm.com\/aavelo\/2022\/04\/07\/chef-dun-jour-le-cyclo-tutti-frutti-vs-norbert-tarayre\/#article\",\"isPartOf\":{\"@id\":\"http:\/\/m2ievm.com\/aavelo\/2022\/04\/07\/chef-dun-jour-le-cyclo-tutti-frutti-vs-norbert-tarayre\/\"},\"author\":{\"name\":\"VeloAdmin\",\"@id\":\"https:\/\/m2ievm.com\/aavelo\/#\/schema\/person\/30c5939a596d42b673831a7afa18a132\"},\"headline\":\"\u00ab\u00a0Chef d&rsquo;un jour\u00a0\u00bb : le CYCLO TUTTI FRUTTI vs Norbert TARAYRE\",\"datePublished\":\"2022-04-07T13:17:56+00:00\",\"dateModified\":\"2022-04-07T13:17:57+00:00\",\"mainEntityOfPage\":{\"@id\":\"http:\/\/m2ievm.com\/aavelo\/2022\/04\/07\/chef-dun-jour-le-cyclo-tutti-frutti-vs-norbert-tarayre\/\"},\"wordCount\":66,\"commentCount\":0,\"publisher\":{\"@id\":\"https:\/\/m2ievm.com\/aavelo\/#organization\"},\"image\":{\"@id\":\"http:\/\/m2ievm.com\/aavelo\/2022\/04\/07\/chef-dun-jour-le-cyclo-tutti-frutti-vs-norbert-tarayre\/#primaryimage\"},\"thumbnailUrl\":\"http:\/\/m2ievm.com\/aavelo\/wp-content\/uploads\/2022\/04\/DSCF4401-scaled.jpg\",\"articleSection\":[\"Ev\u00e9nements\"],\"inLanguage\":\"fr-FR\",\"potentialAction\":[{\"@type\":\"CommentAction\",\"name\":\"Comment\",\"target\":[\"http:\/\/m2ievm.com\/aavelo\/2022\/04\/07\/chef-dun-jour-le-cyclo-tutti-frutti-vs-norbert-tarayre\/#respond\"]}]},{\"@type\":\"WebPage\",\"@id\":\"http:\/\/m2ievm.com\/aavelo\/2022\/04\/07\/chef-dun-jour-le-cyclo-tutti-frutti-vs-norbert-tarayre\/\",\"url\":\"http:\/\/m2ievm.com\/aavelo\/2022\/04\/07\/chef-dun-jour-le-cyclo-tutti-frutti-vs-norbert-tarayre\/\",\"name\":\"\\\"Chef d'un jour\\\" : le CYCLO TUTTI FRUTTI vs Norbert TARAYRE - VELOSTATION PARIS VALLEE DE LA MARNE\",\"isPartOf\":{\"@id\":\"https:\/\/m2ievm.com\/aavelo\/#website\"},\"primaryImageOfPage\":{\"@id\":\"http:\/\/m2ievm.com\/aavelo\/2022\/04\/07\/chef-dun-jour-le-cyclo-tutti-frutti-vs-norbert-tarayre\/#primaryimage\"},\"image\":{\"@id\":\"http:\/\/m2ievm.com\/aavelo\/2022\/04\/07\/chef-dun-jour-le-cyclo-tutti-frutti-vs-norbert-tarayre\/#primaryimage\"},\"thumbnailUrl\":\"http:\/\/m2ievm.com\/aavelo\/wp-content\/uploads\/2022\/04\/DSCF4401-scaled.jpg\",\"datePublished\":\"2022-04-07T13:17:56+00:00\",\"dateModified\":\"2022-04-07T13:17:57+00:00\",\"breadcrumb\":{\"@id\":\"http:\/\/m2ievm.com\/aavelo\/2022\/04\/07\/chef-dun-jour-le-cyclo-tutti-frutti-vs-norbert-tarayre\/#breadcrumb\"},\"inLanguage\":\"fr-FR\",\"potentialAction\":[{\"@type\":\"ReadAction\",\"target\":[\"http:\/\/m2ievm.com\/aavelo\/2022\/04\/07\/chef-dun-jour-le-cyclo-tutti-frutti-vs-norbert-tarayre\/\"]}]},{\"@type\":\"ImageObject\",\"inLanguage\":\"fr-FR\",\"@id\":\"http:\/\/m2ievm.com\/aavelo\/2022\/04\/07\/chef-dun-jour-le-cyclo-tutti-frutti-vs-norbert-tarayre\/#primaryimage\",\"url\":\"http:\/\/m2ievm.com\/aavelo\/wp-content\/uploads\/2022\/04\/DSCF4401-scaled.jpg\",\"contentUrl\":\"http:\/\/m2ievm.com\/aavelo\/wp-content\/uploads\/2022\/04\/DSCF4401-scaled.jpg\",\"width\":2560,\"height\":1707},{\"@type\":\"BreadcrumbList\",\"@id\":\"http:\/\/m2ievm.com\/aavelo\/2022\/04\/07\/chef-dun-jour-le-cyclo-tutti-frutti-vs-norbert-tarayre\/#breadcrumb\",\"itemListElement\":[{\"@type\":\"ListItem\",\"position\":1,\"name\":\"Accueil\",\"item\":\"http:\/\/m2ievm.com\/aavelo\/\"},{\"@type\":\"ListItem\",\"position\":2,\"name\":\"\u00ab\u00a0Chef d&rsquo;un jour\u00a0\u00bb : le CYCLO TUTTI FRUTTI vs Norbert TARAYRE\"}]},{\"@type\":\"WebSite\",\"@id\":\"https:\/\/m2ievm.com\/aavelo\/#website\",\"url\":\"https:\/\/m2ievm.com\/aavelo\/\",\"name\":\"VELOSTATION PARIS VALLEE DE LA MARNE\",\"description\":\"un nouveau regard sur l&#039; Eco-mobilit\u00e9\",\"publisher\":{\"@id\":\"https:\/\/m2ievm.com\/aavelo\/#organization\"},\"potentialAction\":[{\"@type\":\"SearchAction\",\"target\":{\"@type\":\"EntryPoint\",\"urlTemplate\":\"https:\/\/m2ievm.com\/aavelo\/?s={search_term_string}\"},\"query-input\":{\"@type\":\"PropertyValueSpecification\",\"valueRequired\":true,\"valueName\":\"search_term_string\"}}],\"inLanguage\":\"fr-FR\"},{\"@type\":\"Organization\",\"@id\":\"https:\/\/m2ievm.com\/aavelo\/#organization\",\"name\":\"VELOSTATION PARIS VALLEE DE LA MARNE\",\"url\":\"https:\/\/m2ievm.com\/aavelo\/\",\"logo\":{\"@type\":\"ImageObject\",\"inLanguage\":\"fr-FR\",\"@id\":\"https:\/\/m2ievm.com\/aavelo\/#\/schema\/logo\/image\/\",\"url\":\"http:\/\/m2ievm.com\/aavelo\/wp-content\/uploads\/2025\/04\/cropped-logo-velostation-3-02.png\",\"contentUrl\":\"http:\/\/m2ievm.com\/aavelo\/wp-content\/uploads\/2025\/04\/cropped-logo-velostation-3-02.png\",\"width\":249,\"height\":250,\"caption\":\"VELOSTATION PARIS VALLEE DE LA MARNE\"},\"image\":{\"@id\":\"https:\/\/m2ievm.com\/aavelo\/#\/schema\/logo\/image\/\"}},{\"@type\":\"Person\",\"@id\":\"https:\/\/m2ievm.com\/aavelo\/#\/schema\/person\/30c5939a596d42b673831a7afa18a132\",\"name\":\"VeloAdmin\",\"image\":{\"@type\":\"ImageObject\",\"inLanguage\":\"fr-FR\",\"@id\":\"https:\/\/m2ievm.com\/aavelo\/#\/schema\/person\/image\/\",\"url\":\"https:\/\/secure.gravatar.com\/avatar\/41e8238487e7f3ae04a3904f7f52adf0?s=96&d=mm&r=g\",\"contentUrl\":\"https:\/\/secure.gravatar.com\/avatar\/41e8238487e7f3ae04a3904f7f52adf0?s=96&d=mm&r=g\",\"caption\":\"VeloAdmin\"},\"sameAs\":[\"http:\/\/www.m2ievm.com\"],\"url\":\"http:\/\/m2ievm.com\/aavelo\/author\/veloadmin\/\"}]}<\/script>\n<!-- \/ Yoast SEO plugin. -->","yoast_head_json":{"title":"\"Chef d'un jour\" : le CYCLO TUTTI FRUTTI vs Norbert TARAYRE - VELOSTATION PARIS VALLEE DE LA MARNE","robots":{"index":"index","follow":"follow","max-snippet":"max-snippet:-1","max-image-preview":"max-image-preview:large","max-video-preview":"max-video-preview:-1"},"canonical":"http:\/\/m2ievm.com\/aavelo\/2022\/04\/07\/chef-dun-jour-le-cyclo-tutti-frutti-vs-norbert-tarayre\/","og_locale":"fr_FR","og_type":"article","og_title":"\"Chef d'un jour\" : le CYCLO TUTTI FRUTTI vs Norbert TARAYRE - VELOSTATION PARIS VALLEE DE LA MARNE","og_description":"Dimanche 3 avril 2022, la Ville de\u00a0Lognes\u00a0organise son premier concours culinaire sous le patronage du\u00a0chef\u00a0Norbert TARAYRE, r\u00e9v\u00e9l\u00e9 dans l&rsquo;\u00e9mission Top\u00a0Chef\u00a0. La VELOSTATION PARIS VALLEE DE LA MARNE et ses l\u00e9gendaires CYCLO TUTTI FRUTTI essaieront de voler la vedette au chef Norbert TARAYRE. Coupez, p\u00e9dalez, mixez et d\u00e9gustez!","og_url":"http:\/\/m2ievm.com\/aavelo\/2022\/04\/07\/chef-dun-jour-le-cyclo-tutti-frutti-vs-norbert-tarayre\/","og_site_name":"VELOSTATION PARIS VALLEE DE LA MARNE","article_published_time":"2022-04-07T13:17:56+00:00","article_modified_time":"2022-04-07T13:17:57+00:00","og_image":[{"width":2560,"height":1707,"url":"http:\/\/m2ievm.com\/aavelo\/wp-content\/uploads\/2022\/04\/DSCF4401-scaled.jpg","type":"image\/jpeg"}],"author":"VeloAdmin","twitter_card":"summary_large_image","twitter_misc":{"\u00c9crit par":"VeloAdmin","Dur\u00e9e de lecture estim\u00e9e":"1 minute"},"schema":{"@context":"https:\/\/schema.org","@graph":[{"@type":"Article","@id":"http:\/\/m2ievm.com\/aavelo\/2022\/04\/07\/chef-dun-jour-le-cyclo-tutti-frutti-vs-norbert-tarayre\/#article","isPartOf":{"@id":"http:\/\/m2ievm.com\/aavelo\/2022\/04\/07\/chef-dun-jour-le-cyclo-tutti-frutti-vs-norbert-tarayre\/"},"author":{"name":"VeloAdmin","@id":"https:\/\/m2ievm.com\/aavelo\/#\/schema\/person\/30c5939a596d42b673831a7afa18a132"},"headline":"\u00ab\u00a0Chef d&rsquo;un jour\u00a0\u00bb : le CYCLO TUTTI FRUTTI vs Norbert TARAYRE","datePublished":"2022-04-07T13:17:56+00:00","dateModified":"2022-04-07T13:17:57+00:00","mainEntityOfPage":{"@id":"http:\/\/m2ievm.com\/aavelo\/2022\/04\/07\/chef-dun-jour-le-cyclo-tutti-frutti-vs-norbert-tarayre\/"},"wordCount":66,"commentCount":0,"publisher":{"@id":"https:\/\/m2ievm.com\/aavelo\/#organization"},"image":{"@id":"http:\/\/m2ievm.com\/aavelo\/2022\/04\/07\/chef-dun-jour-le-cyclo-tutti-frutti-vs-norbert-tarayre\/#primaryimage"},"thumbnailUrl":"http:\/\/m2ievm.com\/aavelo\/wp-content\/uploads\/2022\/04\/DSCF4401-scaled.jpg","articleSection":["Ev\u00e9nements"],"inLanguage":"fr-FR","potentialAction":[{"@type":"CommentAction","name":"Comment","target":["http:\/\/m2ievm.com\/aavelo\/2022\/04\/07\/chef-dun-jour-le-cyclo-tutti-frutti-vs-norbert-tarayre\/#respond"]}]},{"@type":"WebPage","@id":"http:\/\/m2ievm.com\/aavelo\/2022\/04\/07\/chef-dun-jour-le-cyclo-tutti-frutti-vs-norbert-tarayre\/","url":"http:\/\/m2ievm.com\/aavelo\/2022\/04\/07\/chef-dun-jour-le-cyclo-tutti-frutti-vs-norbert-tarayre\/","name":"\"Chef d'un jour\" : le CYCLO TUTTI FRUTTI vs Norbert TARAYRE - VELOSTATION PARIS VALLEE DE LA MARNE","isPartOf":{"@id":"https:\/\/m2ievm.com\/aavelo\/#website"},"primaryImageOfPage":{"@id":"http:\/\/m2ievm.com\/aavelo\/2022\/04\/07\/chef-dun-jour-le-cyclo-tutti-frutti-vs-norbert-tarayre\/#primaryimage"},"image":{"@id":"http:\/\/m2ievm.com\/aavelo\/2022\/04\/07\/chef-dun-jour-le-cyclo-tutti-frutti-vs-norbert-tarayre\/#primaryimage"},"thumbnailUrl":"http:\/\/m2ievm.com\/aavelo\/wp-content\/uploads\/2022\/04\/DSCF4401-scaled.jpg","datePublished":"2022-04-07T13:17:56+00:00","dateModified":"2022-04-07T13:17:57+00:00","breadcrumb":{"@id":"http:\/\/m2ievm.com\/aavelo\/2022\/04\/07\/chef-dun-jour-le-cyclo-tutti-frutti-vs-norbert-tarayre\/#breadcrumb"},"inLanguage":"fr-FR","potentialAction":[{"@type":"ReadAction","target":["http:\/\/m2ievm.com\/aavelo\/2022\/04\/07\/chef-dun-jour-le-cyclo-tutti-frutti-vs-norbert-tarayre\/"]}]},{"@type":"ImageObject","inLanguage":"fr-FR","@id":"http:\/\/m2ievm.com\/aavelo\/2022\/04\/07\/chef-dun-jour-le-cyclo-tutti-frutti-vs-norbert-tarayre\/#primaryimage","url":"http:\/\/m2ievm.com\/aavelo\/wp-content\/uploads\/2022\/04\/DSCF4401-scaled.jpg","contentUrl":"http:\/\/m2ievm.com\/aavelo\/wp-content\/uploads\/2022\/04\/DSCF4401-scaled.jpg","width":2560,"height":1707},{"@type":"BreadcrumbList","@id":"http:\/\/m2ievm.com\/aavelo\/2022\/04\/07\/chef-dun-jour-le-cyclo-tutti-frutti-vs-norbert-tarayre\/#breadcrumb","itemListElement":[{"@type":"ListItem","position":1,"name":"Accueil","item":"http:\/\/m2ievm.com\/aavelo\/"},{"@type":"ListItem","position":2,"name":"\u00ab\u00a0Chef d&rsquo;un jour\u00a0\u00bb : le CYCLO TUTTI FRUTTI vs Norbert TARAYRE"}]},{"@type":"WebSite","@id":"https:\/\/m2ievm.com\/aavelo\/#website","url":"https:\/\/m2ievm.com\/aavelo\/","name":"VELOSTATION PARIS VALLEE DE LA MARNE","description":"un nouveau regard sur l&#039; Eco-mobilit\u00e9","publisher":{"@id":"https:\/\/m2ievm.com\/aavelo\/#organization"},"potentialAction":[{"@type":"SearchAction","target":{"@type":"EntryPoint","urlTemplate":"https:\/\/m2ievm.com\/aavelo\/?s={search_term_string}"},"query-input":{"@type":"PropertyValueSpecification","valueRequired":true,"valueName":"search_term_string"}}],"inLanguage":"fr-FR"},{"@type":"Organization","@id":"https:\/\/m2ievm.com\/aavelo\/#organization","name":"VELOSTATION PARIS VALLEE DE LA MARNE","url":"https:\/\/m2ievm.com\/aavelo\/","logo":{"@type":"ImageObject","inLanguage":"fr-FR","@id":"https:\/\/m2ievm.com\/aavelo\/#\/schema\/logo\/image\/","url":"http:\/\/m2ievm.com\/aavelo\/wp-content\/uploads\/2025\/04\/cropped-logo-velostation-3-02.png","contentUrl":"http:\/\/m2ievm.com\/aavelo\/wp-content\/uploads\/2025\/04\/cropped-logo-velostation-3-02.png","width":249,"height":250,"caption":"VELOSTATION PARIS VALLEE DE LA MARNE"},"image":{"@id":"https:\/\/m2ievm.com\/aavelo\/#\/schema\/logo\/image\/"}},{"@type":"Person","@id":"https:\/\/m2ievm.com\/aavelo\/#\/schema\/person\/30c5939a596d42b673831a7afa18a132","name":"VeloAdmin","image":{"@type":"ImageObject","inLanguage":"fr-FR","@id":"https:\/\/m2ievm.com\/aavelo\/#\/schema\/person\/image\/","url":"https:\/\/secure.gravatar.com\/avatar\/41e8238487e7f3ae04a3904f7f52adf0?s=96&d=mm&r=g","contentUrl":"https:\/\/secure.gravatar.com\/avatar\/41e8238487e7f3ae04a3904f7f52adf0?s=96&d=mm&r=g","caption":"VeloAdmin"},"sameAs":["http:\/\/www.m2ievm.com"],"url":"http:\/\/m2ievm.com\/aavelo\/author\/veloadmin\/"}]}},"_links":{"self":[{"href":"http:\/\/m2ievm.com\/aavelo\/wp-json\/wp\/v2\/posts\/1213","targetHints":{"allow":["GET"]}}],"collection":[{"href":"http:\/\/m2ievm.com\/aavelo\/wp-json\/wp\/v2\/posts"}],"about":[{"href":"http:\/\/m2ievm.com\/aavelo\/wp-json\/wp\/v2\/types\/post"}],"author":[{"embeddable":true,"href":"http:\/\/m2ievm.com\/aavelo\/wp-json\/wp\/v2\/users\/1"}],"replies":[{"embeddable":true,"href":"http:\/\/m2ievm.com\/aavelo\/wp-json\/wp\/v2\/comments?post=1213"}],"version-history":[{"count":1,"href":"http:\/\/m2ievm.com\/aavelo\/wp-json\/wp\/v2\/posts\/1213\/revisions"}],"predecessor-version":[{"id":1220,"href":"http:\/\/m2ievm.com\/aavelo\/wp-json\/wp\/v2\/posts\/1213\/revisions\/1220"}],"wp:featuredmedia":[{"embeddable":true,"href":"http:\/\/m2ievm.com\/aavelo\/wp-json\/wp\/v2\/media\/1215"}],"wp:attachment":[{"href":"http:\/\/m2ievm.com\/aavelo\/wp-json\/wp\/v2\/media?parent=1213"}],"wp:term":[{"taxonomy":"category","embeddable":true,"href":"http:\/\/m2ievm.com\/aavelo\/wp-json\/wp\/v2\/categories?post=1213"},{"taxonomy":"post_tag","embeddable":true,"href":"http:\/\/m2ievm.com\/aavelo\/wp-json\/wp\/v2\/tags?post=1213"}],"curies":[{"name":"wp","href":"https:\/\/api.w.org\/{rel}","templated":true}]}}